{"id":2257,"date":"2012-07-06T20:02:26","date_gmt":"2012-07-06T20:02:26","guid":{"rendered":"http:\/\/www.raquelgalavis.com\/?p=2257"},"modified":"2023-02-13T12:26:07","modified_gmt":"2023-02-13T12:26:07","slug":"soplamos-un-diente-de-leon","status":"publish","type":"post","link":"http:\/\/www.raquelgalavis.com\/?p=2257","title":{"rendered":"the answer is blowin&#8217; in the wind"},"content":{"rendered":"<p>equivocados, estamos muy equivocados.<br \/>\nes curioso que la vida te ense\u00f1a siempre lo que te resistes a aprender. y normalmente no lo hace de forma amable. lo que pasa es que cuando estamos inmersos en medio de esas cartarsis sanadoras, no entendemos los porqu\u00e9s. pero con el paso del tiempo esos porqu\u00e9s llegan y entonces entiendes que el cambio era necesario para continuar el proceso de evoluci\u00f3n, de crecimiento personal.<br \/>\nporque NO. no hemos venido a esta vida a pagar hipotecas, alquileres desorbitados, estudiar esta o aquella carrera, ser esto o aquello en funci\u00f3n del trabajo que desempe\u00f1amos. nos han hecho creer que nos definimos en funci\u00f3n de lo que tenemos, o de lo que somos ( abogado, fot\u00f3grafo, m\u00e9dico, camarero, pobre, rico, exitoso, inteligente\u2026 y miles y miles de etiquetas para definirnos, encajonarnos, encasillarnos, dominarnos )<br \/>\nes que acaso lo que somos ha de venir &#8220;definido&#8221;desde fuera?<\/p>\n<p>ese es el poder que le hemos dado a este sistema, el de definirnos y en funci\u00f3n de eso pagarnos, emplearnos, jubilarnos, aplaudirnos etc\u2026 el pap\u00e1 estado que tanto nos cuida\u2026ja!<br \/>\ny es que claro, no interesa que seamos nosotros los que nos conozcamos, los que sepamos quienes somos en funci\u00f3n del descubrimiento interno de nuestro esp\u00edritu, de nuestra alma, de nuestros sue\u00f1os, de nuestras ilusiones, de nuestros gustos. dejarnos ser nosotros mismos es demasiado arriesgado, demasiado peligroso, pues implica seres cr\u00edticos, que cuestionan, preguntan, dudan y rebaten. ya desde peque\u00f1itos es m\u00e1s f\u00e1cil &#8220;educarnos&#8221;, &#8220;socializarnos&#8221; desde la prepotencia adulta que intrepreta, mastica y le da al ni\u00f1o la realidad en forma de papilla adecuada, para que el beb\u00e9 la digiera y no pregunte, no hable, no se manche, no grite, no haga ruido, no desobedezca, no, no, no, no \u2026.<br \/>\nno me extra\u00f1a que nos encontremos a miles de adultos que de repente se encuentran en medio de crisis existenciales y de pronto ya no saben quienes son y quieren escapar de si mismos.<br \/>\nal perder la perspectiva, la perspectiva interior, los espacios de reflexi\u00f3n interna, el camino de la espiritualidad como forma de conocimiento no solo de uno mismo sino del mundo, hemos abandonado toda conexi\u00f3n con nuestro yo verdadero. y nos seguimos tragando el caramelito, y seguimos aplaudiendo como energ\u00famenos que la roja gane un no se qu\u00e9 partido important\u00edsmo, y que los que le pegan patadas a ese bal\u00f3n cobren por ello cientos de miles de euros, mientras medio pa\u00eds est\u00e1 en paro.<br \/>\nyo creo que hemos venido a este mundo a evolucionar espiritualmente, a crecer como personas y a amar. lo dem\u00e1s para mi es totalmente secundario y por eso hoy doy gracias. gracias a la vida por llevarme por el camino que me corresponde, aquel en el que me encuentro con seres que hablan mi idioma, aquel que me ense\u00f1a constantemente, aunque a veces duela\u2026porque ahora empiezo a conocerme, ahora empiezo a sentirme libre de verdad, libre para ser yo misma, sin condicionantes, para ser amada por como soy, para amar al otro por quien es en su interior. por primera vez en mi vida empiezo a saborear al amor incondicional y eso, a mi edad, ya es para darse con un canto en los dientes.<\/p>\n<p>por que no volvemos a coger dientes de le\u00f3n? por que no volvemos a formular deseos? por qu\u00e9 no intentamos mirar al otro desde dentro, desde el coraz\u00f3n? por que no volvemos a ser como cuando \u00e9ramos ni\u00f1os y simplemente \u00e9ramos?<\/p>\n<p>yo me atrevo,<\/p>\n<p>soplamos?<\/p>\n<p>Raquel Galav\u00eds<\/p>\n<p><a href=\"http:\/\/www.raquelgalavis.com\/wp-content\/uploads\/2012\/07\/080624-viaje-torralba-caceres-cuenca-24.jpg\" rel=\"lightbox[2257]\" title=\"diente de le\u00f3n\"><img loading=\"lazy\" class=\"lazy alignnone size-large wp-image-2258\" title=\"diente de le\u00f3n\" src=\"http:\/\/www.raquelgalavis.com\/wp-content\/plugins\/jquery-image-lazy-loading\/images\/grey.gif\" data-original=\"http:\/\/www.raquelgalavis.com\/wp-content\/uploads\/2012\/07\/080624-viaje-torralba-caceres-cuenca-24-1024x685.jpg\" alt=\"\" width=\"584\" height=\"390\" srcset=\"http:\/\/www.raquelgalavis.com\/wp-content\/uploads\/2012\/07\/080624-viaje-torralba-caceres-cuenca-24-1024x685.jpg 1024w, http:\/\/www.raquelgalavis.com\/wp-content\/uploads\/2012\/07\/080624-viaje-torralba-caceres-cuenca-24-300x200.jpg 300w, http:\/\/www.raquelgalavis.com\/wp-content\/uploads\/2012\/07\/080624-viaje-torralba-caceres-cuenca-24-448x300.jpg 448w, http:\/\/www.raquelgalavis.com\/wp-content\/uploads\/2012\/07\/080624-viaje-torralba-caceres-cuenca-24.jpg 1500w\" sizes=\"(max-width: 584px) 100vw, 584px\" \/><noscript><img loading=\"lazy\" class=\"alignnone size-large wp-image-2258\" title=\"diente de le\u00f3n\" src=\"http:\/\/www.raquelgalavis.com\/wp-content\/uploads\/2012\/07\/080624-viaje-torralba-caceres-cuenca-24-1024x685.jpg\" alt=\"\" width=\"584\" height=\"390\" srcset=\"http:\/\/www.raquelgalavis.com\/wp-content\/uploads\/2012\/07\/080624-viaje-torralba-caceres-cuenca-24-1024x685.jpg 1024w, http:\/\/www.raquelgalavis.com\/wp-content\/uploads\/2012\/07\/080624-viaje-torralba-caceres-cuenca-24-300x200.jpg 300w, http:\/\/www.raquelgalavis.com\/wp-content\/uploads\/2012\/07\/080624-viaje-torralba-caceres-cuenca-24-448x300.jpg 448w, http:\/\/www.raquelgalavis.com\/wp-content\/uploads\/2012\/07\/080624-viaje-torralba-caceres-cuenca-24.jpg 1500w\" sizes=\"(max-width: 584px) 100vw, 584px\" \/><\/noscript><\/a><\/p>\n<p><a href=\"http:\/\/www.raquelgalavis.com\/wp-content\/uploads\/2012\/07\/06-Blowin-In-The-Wind.mp3\">blowin&#8217; in the wind-joan baez-forrest gump sountrack<\/a><!-- PHP 5.x --><\/p>\n","protected":false},"excerpt":{"rendered":"<p>equivocados, estamos muy equivocados. es curioso que la vida te ense\u00f1a siempre lo que te resistes a aprender. y normalmente no lo hace de forma amable. lo que pasa es que cuando estamos inmersos en medio de esas cartarsis sanadoras, &hellip; <a href=\"http:\/\/www.raquelgalavis.com\/?p=2257\">Continue reading <span class=\"meta-nav\">&rarr;<\/span><\/a><\/p>\n","protected":false},"author":1,"featured_media":0,"comment_status":"open","ping_status":"open","sticky":false,"template":"","format":"standard","meta":[],"categories":[41],"tags":[],"_links":{"self":[{"href":"http:\/\/www.raquelgalavis.com\/index.php?rest_route=\/wp\/v2\/posts\/2257"}],"collection":[{"href":"http:\/\/www.raquelgalavis.com\/index.php?rest_route=\/wp\/v2\/posts"}],"about":[{"href":"http:\/\/www.raquelgalavis.com\/index.php?rest_route=\/wp\/v2\/types\/post"}],"author":[{"embeddable":true,"href":"http:\/\/www.raquelgalavis.com\/index.php?rest_route=\/wp\/v2\/users\/1"}],"replies":[{"embeddable":true,"href":"http:\/\/www.raquelgalavis.com\/index.php?rest_route=%2Fwp%2Fv2%2Fcomments&post=2257"}],"version-history":[{"count":5,"href":"http:\/\/www.raquelgalavis.com\/index.php?rest_route=\/wp\/v2\/posts\/2257\/revisions"}],"predecessor-version":[{"id":2515,"href":"http:\/\/www.raquelgalavis.com\/index.php?rest_route=\/wp\/v2\/posts\/2257\/revisions\/2515"}],"wp:attachment":[{"href":"http:\/\/www.raquelgalavis.com\/index.php?rest_route=%2Fwp%2Fv2%2Fmedia&parent=2257"}],"wp:term":[{"taxonomy":"category","embeddable":true,"href":"http:\/\/www.raquelgalavis.com\/index.php?rest_route=%2Fwp%2Fv2%2Fcategories&post=2257"},{"taxonomy":"post_tag","embeddable":true,"href":"http:\/\/www.raquelgalavis.com\/index.php?rest_route=%2Fwp%2Fv2%2Ftags&post=2257"}],"curies":[{"name":"wp","href":"https:\/\/api.w.org\/{rel}","templated":true}]}}